{"id":16482,"date":"2023-04-06T16:28:17","date_gmt":"2023-04-06T14:28:17","guid":{"rendered":"https:\/\/www.creps-bordeaux.fr\/back-to-green-week-at-creps\/"},"modified":"2025-04-22T12:45:34","modified_gmt":"2025-04-22T10:45:34","slug":"back-to-green-week-at-creps","status":"publish","type":"post","link":"https:\/\/www.creps-bordeaux.fr\/en\/back-to-green-week-at-creps\/","title":{"rendered":"BACK TO GREEN WEEK AT CREPS"},"content":{"rendered":"<p>[et_pb_section fb_built=&#8221;1&#8243; _builder_version=&#8221;4.16&#8243; _module_preset=&#8221;default&#8221; min_height=&#8221;763.7px&#8221; custom_padding=&#8221;||70px|||&#8221; da_disable_devices=&#8221;off|off|off&#8221; global_colors_info=&#8221;{}&#8221; da_is_popup=&#8221;off&#8221; da_exit_intent=&#8221;off&#8221; da_has_close=&#8221;on&#8221; da_alt_close=&#8221;off&#8221; da_dark_close=&#8221;off&#8221; da_not_modal=&#8221;on&#8221; da_is_singular=&#8221;off&#8221; da_with_loader=&#8221;off&#8221; da_has_shadow=&#8221;on&#8221;][et_pb_row _builder_version=&#8221;4.16&#8243; _module_preset=&#8221;default&#8221; width=&#8221;70%&#8221; width_tablet=&#8221;70%&#8221; width_phone=&#8221;80%&#8221; width_last_edited=&#8221;on|phone&#8221; global_colors_info=&#8221;{}&#8221;][et_pb_column type=&#8221;4_4&#8243; _builder_version=&#8221;4.16&#8243; _module_preset=&#8221;default&#8221; global_colors_info=&#8221;{}&#8221;][et_pb_text _builder_version=&#8221;4.20.0&#8243; _module_preset=&#8221;default&#8221; text_font=&#8221;Marianne Bold||||||||&#8221; text_text_color=&#8221;#000000&#8243; text_font_size=&#8221;25px&#8221; header_text_color=&#8221;#005C71&#8243; header_font_size=&#8221;40px&#8221; module_alignment=&#8221;left&#8221; global_colors_info=&#8221;{}&#8221;]<\/p>\n<h1>From March 3 to 7, the CREPS went green!<\/h1>\n<p>[\/et_pb_text][\/et_pb_column][\/et_pb_row][et_pb_row _builder_version=&#8221;4.20.2&#8243; _module_preset=&#8221;default&#8221; global_colors_info=&#8221;{}&#8221;][et_pb_column type=&#8221;4_4&#8243; _builder_version=&#8221;4.20.2&#8243; _module_preset=&#8221;default&#8221; global_colors_info=&#8221;{}&#8221;][et_pb_text _builder_version=&#8221;4.20.2&#8243; _module_preset=&#8221;default&#8221; custom_padding=&#8221;||0px|||&#8221; inline_fonts=&#8221;marianne regular&#8221; global_colors_info=&#8221;{}&#8221;]<\/p>\n<p><span style=\"font-family: marianne regular; font-weight: normal; font-size: large; color: #020202;\">&#8220;<em>This week of exchanges, encounters and discoveries is part of an approach to preserving the environment and changing the habits of each and every one of us.<\/em><\/span><span style=\"font-family: marianne regular; font-weight: normal; font-size: large; color: #020202;\">With these words, <strong>Patrice B\u00e9hague<\/strong>, Director of the CREPS, and <strong>J\u00e9r\u00e9my Lamade<\/strong>, Head of Research, Quality and Environment at the CREPS, inaugurated, on Monday April 3, the <strong>Green Week<\/strong> which took place at the Bordeaux CREPS from April 3 to 7, 2023.<\/span><\/p>\n<p><span style=\"font-family: marianne regular; font-weight: normal; font-size: large; color: #020202;\">This event is part of the <strong>CREPS sustainable development and social responsibility plan<\/strong>, which for several years has been committed to reducing the impact of its activities on the environment.<\/span><\/p>\n<p><span style=\"font-family: marianne regular; font-weight: normal; font-size: large; color: #020202;\">Throughout the week, various workshops on sustainable development and zero waste will be held for CREPS staff and trainers:<\/span><\/p>\n<p><span style=\"font-family: marianne regular; font-weight: normal; font-size: large; color: #020202;\">  \ud83d\udc68\u200d\ud83c\udf73 A zero-waste cooking workshop with Bordeaux-based <a href=\"https:\/\/www.crepaq.ong\/\">CREPAQ<\/a>,<\/span><\/p>\n<p><span style=\"font-family: marianne regular; font-weight: normal; font-size: large; color: #020202;\">  \ud83d\udc1d A workshop with beekeeper <strong>Muriel Fuzier<\/strong> to discover the CREPS beehives,<\/span><\/p>\n<p><span style=\"font-family: marianne regular; font-weight: normal; font-size: large; color: #020202;\">\ud83d\udcbb <\/span><span style=\"font-family: marianne regular; font-weight: normal; font-size: large; color: #020202;\">An awareness-raising workshop on reducing our digital footprint with <strong>Caroline Sulek<\/strong>, Data Protection Officer at CREPS, and<strong> J\u00e9r\u00e9my Lamade<\/strong>,<\/span><\/p>\n<p><span style=\"font-family: marianne regular; font-weight: normal; font-size: large; color: #020202;\">\ud83d\udee0 A workshop for repairing malfunctioning household appliances with Bordeaux-based association <a href=\"https:\/\/eturecup.org\/\">\u00c9tu&#8217;R\u00e9cup<\/a>,<\/span><\/p>\n<p><span style=\"font-family: marianne regular; font-weight: normal; font-size: large; color: #020202;\">\u2702\ufe0f A fabric transformation workshop with <strong>M\u00e9lissa<\/strong>, Casa Creativa seamstress,<\/span><\/p>\n<p style=\"text-align: justify;\"><span style=\"font-family: marianne regular; font-weight: normal; font-size: large; color: #020202;\">To round off the green week, a panel of judges awarded prizes to the 6 winners of the photo competition.<\/span><span style=\"font-family: marianne regular; font-weight: normal; font-size: large; color: #020202;\"><\/span><\/p>\n<p><span style=\"font-size: large; font-family: marianne regular; font-weight: normal; color: #000000;\"><\/span><\/p>\n<p><span style=\"font-size: large; font-family: marianne regular; font-weight: normal; color: #000000;\">\ud83d\udcf7 See the photos of the week :<br \/><\/span><\/p>\n<p>[\/et_pb_text][\/et_pb_column][\/et_pb_row][et_pb_row _builder_version=&#8221;4.20.2&#8243; _module_preset=&#8221;default&#8221; custom_padding=&#8221;||0px|||&#8221; global_colors_info=&#8221;{}&#8221;][et_pb_column type=&#8221;4_4&#8243; _builder_version=&#8221;4.20.2&#8243; _module_preset=&#8221;default&#8221; global_colors_info=&#8221;{}&#8221;][et_pb_gallery gallery_ids=&#8221;15094,15095,15096,15097,15098,15099,15100,15101,15102,15103,15104,15105,15106,15107,15108,15109,15110,15111,15112&#8243; show_title_and_caption=&#8221;off&#8221; _builder_version=&#8221;4.20.4&#8243; _module_preset=&#8221;default&#8221; max_width=&#8221;99%&#8221; module_alignment=&#8221;center&#8221; min_height=&#8221;234.8px&#8221; custom_margin=&#8221;||-2px|||&#8221; global_colors_info=&#8221;{}&#8221;][\/et_pb_gallery][\/et_pb_column][\/et_pb_row][\/et_pb_section]<\/p>\n","protected":false},"excerpt":{"rendered":"<p>From March 3 to 7, the CREPS went green!&#8221;This week of exchanges, encounters and discoveries is part of an approach to preserving the environment and changing the habits of each and every one of us.With these words, Patrice B\u00e9hague, Director of the CREPS, and J\u00e9r\u00e9my Lamade, Head of Research, Quality and Environment at the CREPS, [&hellip;]<\/p>\n","protected":false},"author":3,"featured_media":15093,"comment_status":"closed","ping_status":"open","sticky":false,"template":"","format":"standard","meta":{"_et_pb_use_builder":"on","_et_pb_old_content":"","_et_gb_content_width":"","inline_featured_image":false,"footnotes":""},"categories":[57,87],"tags":[],"class_list":["post-16482","post","type-post","status-publish","format-standard","has-post-thumbnail","hentry","category-non-categorise","category-the-creps"],"yoast_head":"<!-- This site is optimized with the Yoast SEO plugin v27.5 - https:\/\/yoast.com\/product\/yoast-seo-wordpress\/ -->\n<title>BACK TO GREEN WEEK AT CREPS - CREPS Bordeaux<\/title>\n<meta name=\"robots\" content=\"index, follow, max-snippet:-1, max-image-preview:large, max-video-preview:-1\" \/>\n<link rel=\"canonical\" href=\"https:\/\/www.creps-bordeaux.fr\/en\/back-to-green-week-at-creps\/\" \/>\n<meta property=\"og:locale\" content=\"en_US\" \/>\n<meta property=\"og:type\" content=\"article\" \/>\n<meta property=\"og:title\" content=\"BACK TO GREEN WEEK AT CREPS - CREPS Bordeaux\" \/>\n<meta property=\"og:description\" content=\"From March 3 to 7, the CREPS went green!&quot;This week of exchanges, encounters and discoveries is part of an approach to preserving the environment and changing the habits of each and every one of us.With these words, Patrice B\u00e9hague, Director of the CREPS, and J\u00e9r\u00e9my Lamade, Head of Research, Quality and Environment at the CREPS, [&hellip;]\" \/>\n<meta property=\"og:url\" content=\"https:\/\/www.creps-bordeaux.fr\/en\/back-to-green-week-at-creps\/\" \/>\n<meta property=\"og:site_name\" content=\"CREPS Bordeaux\" \/>\n<meta property=\"article:published_time\" content=\"2023-04-06T14:28:17+00:00\" \/>\n<meta property=\"article:modified_time\" content=\"2025-04-22T10:45:34+00:00\" \/>\n<meta property=\"og:image\" content=\"https:\/\/www.creps-bordeaux.fr\/wp-content\/uploads\/2023\/04\/DSC_0005.jpg\" \/>\n\t<meta property=\"og:image:width\" content=\"2048\" \/>\n\t<meta property=\"og:image:height\" content=\"1362\" \/>\n\t<meta property=\"og:image:type\" content=\"image\/jpeg\" \/>\n<meta name=\"author\" content=\"ebyedov\" \/>\n<meta name=\"twitter:card\" content=\"summary_large_image\" \/>\n<meta name=\"twitter:label1\" content=\"Written by\" \/>\n\t<meta name=\"twitter:data1\" content=\"ebyedov\" \/>\n\t<meta name=\"twitter:label2\" content=\"Est. reading time\" \/>\n\t<meta name=\"twitter:data2\" content=\"2 minutes\" \/>\n<script type=\"application\/ld+json\" class=\"yoast-schema-graph\">{\"@context\":\"https:\\\/\\\/schema.org\",\"@graph\":[{\"@type\":\"Article\",\"@id\":\"https:\\\/\\\/www.creps-bordeaux.fr\\\/en\\\/back-to-green-week-at-creps\\\/#article\",\"isPartOf\":{\"@id\":\"https:\\\/\\\/www.creps-bordeaux.fr\\\/en\\\/back-to-green-week-at-creps\\\/\"},\"author\":{\"name\":\"ebyedov\",\"@id\":\"https:\\\/\\\/www.creps-bordeaux.fr\\\/en\\\/#\\\/schema\\\/person\\\/ebf9e6d4ba093960001ef87c9132ff83\"},\"headline\":\"BACK TO GREEN WEEK AT CREPS\",\"datePublished\":\"2023-04-06T14:28:17+00:00\",\"dateModified\":\"2025-04-22T10:45:34+00:00\",\"mainEntityOfPage\":{\"@id\":\"https:\\\/\\\/www.creps-bordeaux.fr\\\/en\\\/back-to-green-week-at-creps\\\/\"},\"wordCount\":471,\"image\":{\"@id\":\"https:\\\/\\\/www.creps-bordeaux.fr\\\/en\\\/back-to-green-week-at-creps\\\/#primaryimage\"},\"thumbnailUrl\":\"https:\\\/\\\/www.creps-bordeaux.fr\\\/wp-content\\\/uploads\\\/2023\\\/04\\\/DSC_0005.jpg\",\"articleSection\":[\"Non cat\u00e9goris\u00e9\",\"The CREPS\"],\"inLanguage\":\"en-US\"},{\"@type\":\"WebPage\",\"@id\":\"https:\\\/\\\/www.creps-bordeaux.fr\\\/en\\\/back-to-green-week-at-creps\\\/\",\"url\":\"https:\\\/\\\/www.creps-bordeaux.fr\\\/en\\\/back-to-green-week-at-creps\\\/\",\"name\":\"BACK TO GREEN WEEK AT CREPS - CREPS Bordeaux\",\"isPartOf\":{\"@id\":\"https:\\\/\\\/www.creps-bordeaux.fr\\\/en\\\/#website\"},\"primaryImageOfPage\":{\"@id\":\"https:\\\/\\\/www.creps-bordeaux.fr\\\/en\\\/back-to-green-week-at-creps\\\/#primaryimage\"},\"image\":{\"@id\":\"https:\\\/\\\/www.creps-bordeaux.fr\\\/en\\\/back-to-green-week-at-creps\\\/#primaryimage\"},\"thumbnailUrl\":\"https:\\\/\\\/www.creps-bordeaux.fr\\\/wp-content\\\/uploads\\\/2023\\\/04\\\/DSC_0005.jpg\",\"datePublished\":\"2023-04-06T14:28:17+00:00\",\"dateModified\":\"2025-04-22T10:45:34+00:00\",\"author\":{\"@id\":\"https:\\\/\\\/www.creps-bordeaux.fr\\\/en\\\/#\\\/schema\\\/person\\\/ebf9e6d4ba093960001ef87c9132ff83\"},\"breadcrumb\":{\"@id\":\"https:\\\/\\\/www.creps-bordeaux.fr\\\/en\\\/back-to-green-week-at-creps\\\/#breadcrumb\"},\"inLanguage\":\"en-US\",\"potentialAction\":[{\"@type\":\"ReadAction\",\"target\":[\"https:\\\/\\\/www.creps-bordeaux.fr\\\/en\\\/back-to-green-week-at-creps\\\/\"]}]},{\"@type\":\"ImageObject\",\"inLanguage\":\"en-US\",\"@id\":\"https:\\\/\\\/www.creps-bordeaux.fr\\\/en\\\/back-to-green-week-at-creps\\\/#primaryimage\",\"url\":\"https:\\\/\\\/www.creps-bordeaux.fr\\\/wp-content\\\/uploads\\\/2023\\\/04\\\/DSC_0005.jpg\",\"contentUrl\":\"https:\\\/\\\/www.creps-bordeaux.fr\\\/wp-content\\\/uploads\\\/2023\\\/04\\\/DSC_0005.jpg\",\"width\":2048,\"height\":1362},{\"@type\":\"BreadcrumbList\",\"@id\":\"https:\\\/\\\/www.creps-bordeaux.fr\\\/en\\\/back-to-green-week-at-creps\\\/#breadcrumb\",\"itemListElement\":[{\"@type\":\"ListItem\",\"position\":1,\"name\":\"Accueil\",\"item\":\"https:\\\/\\\/www.creps-bordeaux.fr\\\/en\\\/\"},{\"@type\":\"ListItem\",\"position\":2,\"name\":\"BACK TO GREEN WEEK AT CREPS\"}]},{\"@type\":\"WebSite\",\"@id\":\"https:\\\/\\\/www.creps-bordeaux.fr\\\/en\\\/#website\",\"url\":\"https:\\\/\\\/www.creps-bordeaux.fr\\\/en\\\/\",\"name\":\"CREPS Bordeaux\",\"description\":\"CREPS in Bordeaux: working alongside you at the heart of the region \",\"potentialAction\":[{\"@type\":\"SearchAction\",\"target\":{\"@type\":\"EntryPoint\",\"urlTemplate\":\"https:\\\/\\\/www.creps-bordeaux.fr\\\/en\\\/?s={search_term_string}\"},\"query-input\":{\"@type\":\"PropertyValueSpecification\",\"valueRequired\":true,\"valueName\":\"search_term_string\"}}],\"inLanguage\":\"en-US\"},{\"@type\":\"Person\",\"@id\":\"https:\\\/\\\/www.creps-bordeaux.fr\\\/en\\\/#\\\/schema\\\/person\\\/ebf9e6d4ba093960001ef87c9132ff83\",\"name\":\"ebyedov\",\"image\":{\"@type\":\"ImageObject\",\"inLanguage\":\"en-US\",\"@id\":\"https:\\\/\\\/secure.gravatar.com\\\/avatar\\\/826b528e930e8f32b191e2bd813eaa8237c1147d18bc4972af1072fb990ec03e?s=96&d=mm&r=g\",\"url\":\"https:\\\/\\\/secure.gravatar.com\\\/avatar\\\/826b528e930e8f32b191e2bd813eaa8237c1147d18bc4972af1072fb990ec03e?s=96&d=mm&r=g\",\"contentUrl\":\"https:\\\/\\\/secure.gravatar.com\\\/avatar\\\/826b528e930e8f32b191e2bd813eaa8237c1147d18bc4972af1072fb990ec03e?s=96&d=mm&r=g\",\"caption\":\"ebyedov\"},\"url\":\"https:\\\/\\\/www.creps-bordeaux.fr\\\/en\\\/author\\\/ebyedov\\\/\"}]}<\/script>\n<!-- \/ Yoast SEO plugin. -->","yoast_head_json":{"title":"BACK TO GREEN WEEK AT CREPS - CREPS Bordeaux","robots":{"index":"index","follow":"follow","max-snippet":"max-snippet:-1","max-image-preview":"max-image-preview:large","max-video-preview":"max-video-preview:-1"},"canonical":"https:\/\/www.creps-bordeaux.fr\/en\/back-to-green-week-at-creps\/","og_locale":"en_US","og_type":"article","og_title":"BACK TO GREEN WEEK AT CREPS - CREPS Bordeaux","og_description":"From March 3 to 7, the CREPS went green!\"This week of exchanges, encounters and discoveries is part of an approach to preserving the environment and changing the habits of each and every one of us.With these words, Patrice B\u00e9hague, Director of the CREPS, and J\u00e9r\u00e9my Lamade, Head of Research, Quality and Environment at the CREPS, [&hellip;]","og_url":"https:\/\/www.creps-bordeaux.fr\/en\/back-to-green-week-at-creps\/","og_site_name":"CREPS Bordeaux","article_published_time":"2023-04-06T14:28:17+00:00","article_modified_time":"2025-04-22T10:45:34+00:00","og_image":[{"width":2048,"height":1362,"url":"https:\/\/www.creps-bordeaux.fr\/wp-content\/uploads\/2023\/04\/DSC_0005.jpg","type":"image\/jpeg"}],"author":"ebyedov","twitter_card":"summary_large_image","twitter_misc":{"Written by":"ebyedov","Est. reading time":"2 minutes"},"schema":{"@context":"https:\/\/schema.org","@graph":[{"@type":"Article","@id":"https:\/\/www.creps-bordeaux.fr\/en\/back-to-green-week-at-creps\/#article","isPartOf":{"@id":"https:\/\/www.creps-bordeaux.fr\/en\/back-to-green-week-at-creps\/"},"author":{"name":"ebyedov","@id":"https:\/\/www.creps-bordeaux.fr\/en\/#\/schema\/person\/ebf9e6d4ba093960001ef87c9132ff83"},"headline":"BACK TO GREEN WEEK AT CREPS","datePublished":"2023-04-06T14:28:17+00:00","dateModified":"2025-04-22T10:45:34+00:00","mainEntityOfPage":{"@id":"https:\/\/www.creps-bordeaux.fr\/en\/back-to-green-week-at-creps\/"},"wordCount":471,"image":{"@id":"https:\/\/www.creps-bordeaux.fr\/en\/back-to-green-week-at-creps\/#primaryimage"},"thumbnailUrl":"https:\/\/www.creps-bordeaux.fr\/wp-content\/uploads\/2023\/04\/DSC_0005.jpg","articleSection":["Non cat\u00e9goris\u00e9","The CREPS"],"inLanguage":"en-US"},{"@type":"WebPage","@id":"https:\/\/www.creps-bordeaux.fr\/en\/back-to-green-week-at-creps\/","url":"https:\/\/www.creps-bordeaux.fr\/en\/back-to-green-week-at-creps\/","name":"BACK TO GREEN WEEK AT CREPS - CREPS Bordeaux","isPartOf":{"@id":"https:\/\/www.creps-bordeaux.fr\/en\/#website"},"primaryImageOfPage":{"@id":"https:\/\/www.creps-bordeaux.fr\/en\/back-to-green-week-at-creps\/#primaryimage"},"image":{"@id":"https:\/\/www.creps-bordeaux.fr\/en\/back-to-green-week-at-creps\/#primaryimage"},"thumbnailUrl":"https:\/\/www.creps-bordeaux.fr\/wp-content\/uploads\/2023\/04\/DSC_0005.jpg","datePublished":"2023-04-06T14:28:17+00:00","dateModified":"2025-04-22T10:45:34+00:00","author":{"@id":"https:\/\/www.creps-bordeaux.fr\/en\/#\/schema\/person\/ebf9e6d4ba093960001ef87c9132ff83"},"breadcrumb":{"@id":"https:\/\/www.creps-bordeaux.fr\/en\/back-to-green-week-at-creps\/#breadcrumb"},"inLanguage":"en-US","potentialAction":[{"@type":"ReadAction","target":["https:\/\/www.creps-bordeaux.fr\/en\/back-to-green-week-at-creps\/"]}]},{"@type":"ImageObject","inLanguage":"en-US","@id":"https:\/\/www.creps-bordeaux.fr\/en\/back-to-green-week-at-creps\/#primaryimage","url":"https:\/\/www.creps-bordeaux.fr\/wp-content\/uploads\/2023\/04\/DSC_0005.jpg","contentUrl":"https:\/\/www.creps-bordeaux.fr\/wp-content\/uploads\/2023\/04\/DSC_0005.jpg","width":2048,"height":1362},{"@type":"BreadcrumbList","@id":"https:\/\/www.creps-bordeaux.fr\/en\/back-to-green-week-at-creps\/#breadcrumb","itemListElement":[{"@type":"ListItem","position":1,"name":"Accueil","item":"https:\/\/www.creps-bordeaux.fr\/en\/"},{"@type":"ListItem","position":2,"name":"BACK TO GREEN WEEK AT CREPS"}]},{"@type":"WebSite","@id":"https:\/\/www.creps-bordeaux.fr\/en\/#website","url":"https:\/\/www.creps-bordeaux.fr\/en\/","name":"CREPS Bordeaux","description":"CREPS in Bordeaux: working alongside you at the heart of the region ","potentialAction":[{"@type":"SearchAction","target":{"@type":"EntryPoint","urlTemplate":"https:\/\/www.creps-bordeaux.fr\/en\/?s={search_term_string}"},"query-input":{"@type":"PropertyValueSpecification","valueRequired":true,"valueName":"search_term_string"}}],"inLanguage":"en-US"},{"@type":"Person","@id":"https:\/\/www.creps-bordeaux.fr\/en\/#\/schema\/person\/ebf9e6d4ba093960001ef87c9132ff83","name":"ebyedov","image":{"@type":"ImageObject","inLanguage":"en-US","@id":"https:\/\/secure.gravatar.com\/avatar\/826b528e930e8f32b191e2bd813eaa8237c1147d18bc4972af1072fb990ec03e?s=96&d=mm&r=g","url":"https:\/\/secure.gravatar.com\/avatar\/826b528e930e8f32b191e2bd813eaa8237c1147d18bc4972af1072fb990ec03e?s=96&d=mm&r=g","contentUrl":"https:\/\/secure.gravatar.com\/avatar\/826b528e930e8f32b191e2bd813eaa8237c1147d18bc4972af1072fb990ec03e?s=96&d=mm&r=g","caption":"ebyedov"},"url":"https:\/\/www.creps-bordeaux.fr\/en\/author\/ebyedov\/"}]}},"_links":{"self":[{"href":"https:\/\/www.creps-bordeaux.fr\/en\/wp-json\/wp\/v2\/posts\/16482","targetHints":{"allow":["GET"]}}],"collection":[{"href":"https:\/\/www.creps-bordeaux.fr\/en\/wp-json\/wp\/v2\/posts"}],"about":[{"href":"https:\/\/www.creps-bordeaux.fr\/en\/wp-json\/wp\/v2\/types\/post"}],"author":[{"embeddable":true,"href":"https:\/\/www.creps-bordeaux.fr\/en\/wp-json\/wp\/v2\/users\/3"}],"replies":[{"embeddable":true,"href":"https:\/\/www.creps-bordeaux.fr\/en\/wp-json\/wp\/v2\/comments?post=16482"}],"version-history":[{"count":3,"href":"https:\/\/www.creps-bordeaux.fr\/en\/wp-json\/wp\/v2\/posts\/16482\/revisions"}],"predecessor-version":[{"id":16486,"href":"https:\/\/www.creps-bordeaux.fr\/en\/wp-json\/wp\/v2\/posts\/16482\/revisions\/16486"}],"wp:featuredmedia":[{"embeddable":true,"href":"https:\/\/www.creps-bordeaux.fr\/en\/wp-json\/wp\/v2\/media\/15093"}],"wp:attachment":[{"href":"https:\/\/www.creps-bordeaux.fr\/en\/wp-json\/wp\/v2\/media?parent=16482"}],"wp:term":[{"taxonomy":"category","embeddable":true,"href":"https:\/\/www.creps-bordeaux.fr\/en\/wp-json\/wp\/v2\/categories?post=16482"},{"taxonomy":"post_tag","embeddable":true,"href":"https:\/\/www.creps-bordeaux.fr\/en\/wp-json\/wp\/v2\/tags?post=16482"}],"curies":[{"name":"wp","href":"https:\/\/api.w.org\/{rel}","templated":true}]}}