{"id":16430,"date":"2023-10-24T17:42:08","date_gmt":"2023-10-24T15:42:08","guid":{"rendered":"https:\/\/www.creps-bordeaux.fr\/back-to-creps-inaugurations\/"},"modified":"2025-04-22T12:45:19","modified_gmt":"2025-04-22T10:45:19","slug":"back-to-creps-inaugurations","status":"publish","type":"post","link":"https:\/\/www.creps-bordeaux.fr\/en\/back-to-creps-inaugurations\/","title":{"rendered":"BACK TO CREPS INAUGURATIONS"},"content":{"rendered":"<p>[et_pb_section fb_built=&#8221;1&#8243; _builder_version=&#8221;4.16&#8243; _module_preset=&#8221;default&#8221; min_height=&#8221;763.7px&#8221; custom_padding=&#8221;||70px|||&#8221; da_disable_devices=&#8221;off|off|off&#8221; global_colors_info=&#8221;{}&#8221; da_is_popup=&#8221;off&#8221; da_exit_intent=&#8221;off&#8221; da_has_close=&#8221;on&#8221; da_alt_close=&#8221;off&#8221; da_dark_close=&#8221;off&#8221; da_not_modal=&#8221;on&#8221; da_is_singular=&#8221;off&#8221; da_with_loader=&#8221;off&#8221; da_has_shadow=&#8221;on&#8221;][et_pb_row _builder_version=&#8221;4.16&#8243; _module_preset=&#8221;default&#8221; width=&#8221;71.6%&#8221; width_tablet=&#8221;70%&#8221; width_phone=&#8221;80%&#8221; width_last_edited=&#8221;on|phone&#8221; global_colors_info=&#8221;{}&#8221;][et_pb_column type=&#8221;4_4&#8243; _builder_version=&#8221;4.16&#8243; _module_preset=&#8221;default&#8221; global_colors_info=&#8221;{}&#8221;][et_pb_text _builder_version=&#8221;4.22.2&#8243; _module_preset=&#8221;default&#8221; text_font=&#8221;Marianne Bold||||||||&#8221; text_text_color=&#8221;#000000&#8243; text_font_size=&#8221;25px&#8221; header_text_color=&#8221;#005C71&#8243; header_font_size=&#8221;40px&#8221; module_alignment=&#8221;left&#8221; global_colors_info=&#8221;{}&#8221;]<\/p>\n<h1>A look back at the CREPS inaugurations<\/h1>\n<p>[\/et_pb_text][\/et_pb_column][\/et_pb_row][et_pb_row _builder_version=&#8221;4.20.2&#8243; _module_preset=&#8221;default&#8221; global_colors_info=&#8221;{}&#8221;][et_pb_column type=&#8221;4_4&#8243; _builder_version=&#8221;4.20.2&#8243; _module_preset=&#8221;default&#8221; global_colors_info=&#8221;{}&#8221;][et_pb_text _builder_version=&#8221;4.21.0&#8243; _module_preset=&#8221;default&#8221; custom_padding=&#8221;||0px|||&#8221; inline_fonts=&#8221;marianne regular,marianne light&#8221; global_colors_info=&#8221;{}&#8221;]<\/p>\n<p><span class=\"break-words\" style=\"font-family: marianne regular; font-weight: normal; font-size: medium; color: #020202;\"><span dir=\"ltr\"><span>\ud83d\udcc5 On Saturday September 30, Caroline Jardri<\/span><span>President of the CREPS de Bordeaux Board of Directors and Alain Rousset<\/span><span>President of the Conseil R\u00e9gional de Nouvelle-Aquitaine inaugurated four facilities for top-level athletes, in the presence of <\/span><span>in the presence of Am\u00e9lie Oud\u00e9a-Cast\u00e9ra,<\/span><span> Minister for Sport and the Olympic and Paralympic Games.<\/span><br \/><span> <\/span><br \/><span>\ud83c\udfe0 After a year and a half&#8217;s work, the new accommodation, named &#8220;H\u00e9bergement Nouvelle-Aquitaine&#8221;,<\/span><span> was completed in June. <\/span> <br \/><span> <\/span><br \/><span>\ud83c\udfc3Redevelopment of the athletics track <\/span><span>and its infrastructure, with refurbishment of the long jump area, creation of a javelin area and workshops for discus and shot put.<\/span><br \/><span> <\/span><br \/><span>\ud83d\udd2bReal added value for the P\u00f4le France Rel\u00e8ve de Pentathlon M<\/span><span>oderne, the construction of a laser run shelter <\/span><span>shelter at the heart of the athletics track, with 10 targets, enabling athletes to combine laser<\/span><span> and running<\/span><span>.<\/span><br \/><span> <\/span><br \/><span>\u26bdThe CREPS also renovated the soccer pitch <\/span><span>much to the delight of the youngsters at the P\u00f4le Espoirs.<\/span><\/span><\/span><\/p>\n<p>[\/et_pb_text][\/et_pb_column][\/et_pb_row][et_pb_row _builder_version=&#8221;4.22.2&#8243; _module_preset=&#8221;default&#8221; global_colors_info=&#8221;{}&#8221;][et_pb_column type=&#8221;4_4&#8243; _builder_version=&#8221;4.22.2&#8243; _module_preset=&#8221;default&#8221; global_colors_info=&#8221;{}&#8221;][et_pb_video src=&#8221;https:\/\/www.youtube.com\/watch?v=Xt0K8Er1VCo&#8221; _builder_version=&#8221;4.22.2&#8243; _module_preset=&#8221;default&#8221; global_colors_info=&#8221;{}&#8221;][\/et_pb_video][\/et_pb_column][\/et_pb_row][et_pb_row _builder_version=&#8221;4.21.0&#8243; _module_preset=&#8221;default&#8221; global_colors_info=&#8221;{}&#8221;][et_pb_column type=&#8221;4_4&#8243; _builder_version=&#8221;4.21.0&#8243; _module_preset=&#8221;default&#8221; global_colors_info=&#8221;{}&#8221;][et_pb_text _builder_version=&#8221;4.22.2&#8243; _module_preset=&#8221;default&#8221; custom_padding=&#8221;||0px|||&#8221; inline_fonts=&#8221;marianne regular,marianne light&#8221; global_colors_info=&#8221;{}&#8221;]<\/p>\n<p>&nbsp;<\/p>\n<p><span class=\"break-words\" style=\"font-family: marianne regular; font-weight: normal; font-size: medium; color: #020202;\"><span dir=\"ltr\"><span>\ud83d\udc49 <\/span>This work completes the first phase of the establishment&#8217;s modernization, following the construction of <a href=\"https:\/\/www.creps-bordeaux.fr\/project\/complexe-marie-amelie-le-fur\/\">the beautiful Marie-Am\u00e9lie Le Fur room<\/a> and the restructuring of the restaurant, which will be completed in 2022.<\/span><\/span><span style=\"font-size: medium; font-family: marianne regular; font-weight: normal; color: #000000;\"><\/span><\/p>\n<p><span class=\"break-words\" style=\"font-family: marianne regular; font-weight: normal; font-size: medium; color: #020202;\"><span dir=\"ltr\">Dressed in the colors of the French teams and the Olympic and Paralympic Games, the CREPS de Bordeaux is ready to welcome the teams in the best conditions of preparation!  <span>\ud83c\udfc0\ud83e\udd3a\ud83e\uddd7<\/span><\/span><\/span><\/p>\n<p><span class=\"break-words\" style=\"font-family: marianne regular; font-weight: normal; font-size: medium; color: #020202;\"><span dir=\"ltr\"><\/span><\/span><\/p>\n<p><span style=\"font-size: large; font-family: marianne regular; font-weight: normal; color: #000000;\"><span style=\"font-size: medium;\">\ud83d\udcf7<span style=\"text-decoration: underline;\"> Back in pictures :<\/span><\/span><br \/><\/span><\/p>\n<p>[\/et_pb_text][\/et_pb_column][\/et_pb_row][et_pb_row _builder_version=&#8221;4.20.2&#8243; _module_preset=&#8221;default&#8221; custom_padding=&#8221;||0px|||&#8221; hover_enabled=&#8221;0&#8243; global_colors_info=&#8221;{}&#8221; sticky_enabled=&#8221;0&#8243;][et_pb_column type=&#8221;4_4&#8243; _builder_version=&#8221;4.20.2&#8243; _module_preset=&#8221;default&#8221; global_colors_info=&#8221;{}&#8221;][et_pb_gallery gallery_ids=&#8221;15273,15275,15274,15276,15277,15278,15279,15280&#8243; show_title_and_caption=&#8221;off&#8221; _builder_version=&#8221;4.22.2&#8243; _module_preset=&#8221;default&#8221; max_width=&#8221;99%&#8221; module_alignment=&#8221;center&#8221; min_height=&#8221;234.8px&#8221; custom_margin=&#8221;||-2px|||&#8221; hover_enabled=&#8221;0&#8243; global_colors_info=&#8221;{}&#8221; sticky_enabled=&#8221;0&#8243;][\/et_pb_gallery][\/et_pb_column][\/et_pb_row][\/et_pb_section]<\/p>\n","protected":false},"excerpt":{"rendered":"<p>A look back at the CREPS inaugurations\ud83d\udcc5 On Saturday September 30, Caroline JardriPresident of the CREPS de Bordeaux Board of Directors and Alain RoussetPresident of the Conseil R\u00e9gional de Nouvelle-Aquitaine inaugurated four facilities for top-level athletes, in the presence of in the presence of Am\u00e9lie Oud\u00e9a-Cast\u00e9ra, Minister for Sport and the Olympic and Paralympic Games. [&hellip;]<\/p>\n","protected":false},"author":3,"featured_media":15272,"comment_status":"closed","ping_status":"open","sticky":false,"template":"","format":"standard","meta":{"_et_pb_use_builder":"on","_et_pb_old_content":"","_et_gb_content_width":"","inline_featured_image":false,"footnotes":""},"categories":[57,87],"tags":[],"class_list":["post-16430","post","type-post","status-publish","format-standard","has-post-thumbnail","hentry","category-non-categorise","category-the-creps"],"yoast_head":"<!-- This site is optimized with the Yoast SEO plugin v27.5 - https:\/\/yoast.com\/product\/yoast-seo-wordpress\/ -->\n<title>BACK TO CREPS INAUGURATIONS - CREPS Bordeaux<\/title>\n<meta name=\"robots\" content=\"index, follow, max-snippet:-1, max-image-preview:large, max-video-preview:-1\" \/>\n<link rel=\"canonical\" href=\"https:\/\/www.creps-bordeaux.fr\/en\/back-to-creps-inaugurations\/\" \/>\n<meta property=\"og:locale\" content=\"en_US\" \/>\n<meta property=\"og:type\" content=\"article\" \/>\n<meta property=\"og:title\" content=\"BACK TO CREPS INAUGURATIONS - CREPS Bordeaux\" \/>\n<meta property=\"og:description\" content=\"A look back at the CREPS inaugurations\ud83d\udcc5 On Saturday September 30, Caroline JardriPresident of the CREPS de Bordeaux Board of Directors and Alain RoussetPresident of the Conseil R\u00e9gional de Nouvelle-Aquitaine inaugurated four facilities for top-level athletes, in the presence of in the presence of Am\u00e9lie Oud\u00e9a-Cast\u00e9ra, Minister for Sport and the Olympic and Paralympic Games. [&hellip;]\" \/>\n<meta property=\"og:url\" content=\"https:\/\/www.creps-bordeaux.fr\/en\/back-to-creps-inaugurations\/\" \/>\n<meta property=\"og:site_name\" content=\"CREPS Bordeaux\" \/>\n<meta property=\"article:published_time\" content=\"2023-10-24T15:42:08+00:00\" \/>\n<meta property=\"article:modified_time\" content=\"2025-04-22T10:45:19+00:00\" \/>\n<meta property=\"og:image\" content=\"https:\/\/www.creps-bordeaux.fr\/wp-content\/uploads\/2023\/10\/5e379702-59b4-4084-98c8-3f8b7aacfadc.jpg\" \/>\n\t<meta property=\"og:image:width\" content=\"810\" \/>\n\t<meta property=\"og:image:height\" content=\"816\" \/>\n\t<meta property=\"og:image:type\" content=\"image\/jpeg\" \/>\n<meta name=\"author\" content=\"ebyedov\" \/>\n<meta name=\"twitter:card\" content=\"summary_large_image\" \/>\n<meta name=\"twitter:label1\" content=\"Written by\" \/>\n\t<meta name=\"twitter:data1\" content=\"ebyedov\" \/>\n\t<meta name=\"twitter:label2\" content=\"Est. reading time\" \/>\n\t<meta name=\"twitter:data2\" content=\"3 minutes\" \/>\n<script type=\"application\/ld+json\" class=\"yoast-schema-graph\">{\"@context\":\"https:\\\/\\\/schema.org\",\"@graph\":[{\"@type\":\"Article\",\"@id\":\"https:\\\/\\\/www.creps-bordeaux.fr\\\/en\\\/back-to-creps-inaugurations\\\/#article\",\"isPartOf\":{\"@id\":\"https:\\\/\\\/www.creps-bordeaux.fr\\\/en\\\/back-to-creps-inaugurations\\\/\"},\"author\":{\"name\":\"ebyedov\",\"@id\":\"https:\\\/\\\/www.creps-bordeaux.fr\\\/en\\\/#\\\/schema\\\/person\\\/ebf9e6d4ba093960001ef87c9132ff83\"},\"headline\":\"BACK TO CREPS INAUGURATIONS\",\"datePublished\":\"2023-10-24T15:42:08+00:00\",\"dateModified\":\"2025-04-22T10:45:19+00:00\",\"mainEntityOfPage\":{\"@id\":\"https:\\\/\\\/www.creps-bordeaux.fr\\\/en\\\/back-to-creps-inaugurations\\\/\"},\"wordCount\":604,\"image\":{\"@id\":\"https:\\\/\\\/www.creps-bordeaux.fr\\\/en\\\/back-to-creps-inaugurations\\\/#primaryimage\"},\"thumbnailUrl\":\"https:\\\/\\\/www.creps-bordeaux.fr\\\/wp-content\\\/uploads\\\/2023\\\/10\\\/5e379702-59b4-4084-98c8-3f8b7aacfadc.jpg\",\"articleSection\":[\"Non cat\u00e9goris\u00e9\",\"The CREPS\"],\"inLanguage\":\"en-US\"},{\"@type\":\"WebPage\",\"@id\":\"https:\\\/\\\/www.creps-bordeaux.fr\\\/en\\\/back-to-creps-inaugurations\\\/\",\"url\":\"https:\\\/\\\/www.creps-bordeaux.fr\\\/en\\\/back-to-creps-inaugurations\\\/\",\"name\":\"BACK TO CREPS INAUGURATIONS - CREPS Bordeaux\",\"isPartOf\":{\"@id\":\"https:\\\/\\\/www.creps-bordeaux.fr\\\/en\\\/#website\"},\"primaryImageOfPage\":{\"@id\":\"https:\\\/\\\/www.creps-bordeaux.fr\\\/en\\\/back-to-creps-inaugurations\\\/#primaryimage\"},\"image\":{\"@id\":\"https:\\\/\\\/www.creps-bordeaux.fr\\\/en\\\/back-to-creps-inaugurations\\\/#primaryimage\"},\"thumbnailUrl\":\"https:\\\/\\\/www.creps-bordeaux.fr\\\/wp-content\\\/uploads\\\/2023\\\/10\\\/5e379702-59b4-4084-98c8-3f8b7aacfadc.jpg\",\"datePublished\":\"2023-10-24T15:42:08+00:00\",\"dateModified\":\"2025-04-22T10:45:19+00:00\",\"author\":{\"@id\":\"https:\\\/\\\/www.creps-bordeaux.fr\\\/en\\\/#\\\/schema\\\/person\\\/ebf9e6d4ba093960001ef87c9132ff83\"},\"breadcrumb\":{\"@id\":\"https:\\\/\\\/www.creps-bordeaux.fr\\\/en\\\/back-to-creps-inaugurations\\\/#breadcrumb\"},\"inLanguage\":\"en-US\",\"potentialAction\":[{\"@type\":\"ReadAction\",\"target\":[\"https:\\\/\\\/www.creps-bordeaux.fr\\\/en\\\/back-to-creps-inaugurations\\\/\"]}]},{\"@type\":\"ImageObject\",\"inLanguage\":\"en-US\",\"@id\":\"https:\\\/\\\/www.creps-bordeaux.fr\\\/en\\\/back-to-creps-inaugurations\\\/#primaryimage\",\"url\":\"https:\\\/\\\/www.creps-bordeaux.fr\\\/wp-content\\\/uploads\\\/2023\\\/10\\\/5e379702-59b4-4084-98c8-3f8b7aacfadc.jpg\",\"contentUrl\":\"https:\\\/\\\/www.creps-bordeaux.fr\\\/wp-content\\\/uploads\\\/2023\\\/10\\\/5e379702-59b4-4084-98c8-3f8b7aacfadc.jpg\",\"width\":810,\"height\":816},{\"@type\":\"BreadcrumbList\",\"@id\":\"https:\\\/\\\/www.creps-bordeaux.fr\\\/en\\\/back-to-creps-inaugurations\\\/#breadcrumb\",\"itemListElement\":[{\"@type\":\"ListItem\",\"position\":1,\"name\":\"Accueil\",\"item\":\"https:\\\/\\\/www.creps-bordeaux.fr\\\/en\\\/\"},{\"@type\":\"ListItem\",\"position\":2,\"name\":\"BACK TO CREPS INAUGURATIONS\"}]},{\"@type\":\"WebSite\",\"@id\":\"https:\\\/\\\/www.creps-bordeaux.fr\\\/en\\\/#website\",\"url\":\"https:\\\/\\\/www.creps-bordeaux.fr\\\/en\\\/\",\"name\":\"CREPS Bordeaux\",\"description\":\"CREPS in Bordeaux: working alongside you at the heart of the region \",\"potentialAction\":[{\"@type\":\"SearchAction\",\"target\":{\"@type\":\"EntryPoint\",\"urlTemplate\":\"https:\\\/\\\/www.creps-bordeaux.fr\\\/en\\\/?s={search_term_string}\"},\"query-input\":{\"@type\":\"PropertyValueSpecification\",\"valueRequired\":true,\"valueName\":\"search_term_string\"}}],\"inLanguage\":\"en-US\"},{\"@type\":\"Person\",\"@id\":\"https:\\\/\\\/www.creps-bordeaux.fr\\\/en\\\/#\\\/schema\\\/person\\\/ebf9e6d4ba093960001ef87c9132ff83\",\"name\":\"ebyedov\",\"image\":{\"@type\":\"ImageObject\",\"inLanguage\":\"en-US\",\"@id\":\"https:\\\/\\\/secure.gravatar.com\\\/avatar\\\/826b528e930e8f32b191e2bd813eaa8237c1147d18bc4972af1072fb990ec03e?s=96&d=mm&r=g\",\"url\":\"https:\\\/\\\/secure.gravatar.com\\\/avatar\\\/826b528e930e8f32b191e2bd813eaa8237c1147d18bc4972af1072fb990ec03e?s=96&d=mm&r=g\",\"contentUrl\":\"https:\\\/\\\/secure.gravatar.com\\\/avatar\\\/826b528e930e8f32b191e2bd813eaa8237c1147d18bc4972af1072fb990ec03e?s=96&d=mm&r=g\",\"caption\":\"ebyedov\"},\"url\":\"https:\\\/\\\/www.creps-bordeaux.fr\\\/en\\\/author\\\/ebyedov\\\/\"}]}<\/script>\n<!-- \/ Yoast SEO plugin. -->","yoast_head_json":{"title":"BACK TO CREPS INAUGURATIONS - CREPS Bordeaux","robots":{"index":"index","follow":"follow","max-snippet":"max-snippet:-1","max-image-preview":"max-image-preview:large","max-video-preview":"max-video-preview:-1"},"canonical":"https:\/\/www.creps-bordeaux.fr\/en\/back-to-creps-inaugurations\/","og_locale":"en_US","og_type":"article","og_title":"BACK TO CREPS INAUGURATIONS - CREPS Bordeaux","og_description":"A look back at the CREPS inaugurations\ud83d\udcc5 On Saturday September 30, Caroline JardriPresident of the CREPS de Bordeaux Board of Directors and Alain RoussetPresident of the Conseil R\u00e9gional de Nouvelle-Aquitaine inaugurated four facilities for top-level athletes, in the presence of in the presence of Am\u00e9lie Oud\u00e9a-Cast\u00e9ra, Minister for Sport and the Olympic and Paralympic Games. [&hellip;]","og_url":"https:\/\/www.creps-bordeaux.fr\/en\/back-to-creps-inaugurations\/","og_site_name":"CREPS Bordeaux","article_published_time":"2023-10-24T15:42:08+00:00","article_modified_time":"2025-04-22T10:45:19+00:00","og_image":[{"width":810,"height":816,"url":"https:\/\/www.creps-bordeaux.fr\/wp-content\/uploads\/2023\/10\/5e379702-59b4-4084-98c8-3f8b7aacfadc.jpg","type":"image\/jpeg"}],"author":"ebyedov","twitter_card":"summary_large_image","twitter_misc":{"Written by":"ebyedov","Est. reading time":"3 minutes"},"schema":{"@context":"https:\/\/schema.org","@graph":[{"@type":"Article","@id":"https:\/\/www.creps-bordeaux.fr\/en\/back-to-creps-inaugurations\/#article","isPartOf":{"@id":"https:\/\/www.creps-bordeaux.fr\/en\/back-to-creps-inaugurations\/"},"author":{"name":"ebyedov","@id":"https:\/\/www.creps-bordeaux.fr\/en\/#\/schema\/person\/ebf9e6d4ba093960001ef87c9132ff83"},"headline":"BACK TO CREPS INAUGURATIONS","datePublished":"2023-10-24T15:42:08+00:00","dateModified":"2025-04-22T10:45:19+00:00","mainEntityOfPage":{"@id":"https:\/\/www.creps-bordeaux.fr\/en\/back-to-creps-inaugurations\/"},"wordCount":604,"image":{"@id":"https:\/\/www.creps-bordeaux.fr\/en\/back-to-creps-inaugurations\/#primaryimage"},"thumbnailUrl":"https:\/\/www.creps-bordeaux.fr\/wp-content\/uploads\/2023\/10\/5e379702-59b4-4084-98c8-3f8b7aacfadc.jpg","articleSection":["Non cat\u00e9goris\u00e9","The CREPS"],"inLanguage":"en-US"},{"@type":"WebPage","@id":"https:\/\/www.creps-bordeaux.fr\/en\/back-to-creps-inaugurations\/","url":"https:\/\/www.creps-bordeaux.fr\/en\/back-to-creps-inaugurations\/","name":"BACK TO CREPS INAUGURATIONS - CREPS Bordeaux","isPartOf":{"@id":"https:\/\/www.creps-bordeaux.fr\/en\/#website"},"primaryImageOfPage":{"@id":"https:\/\/www.creps-bordeaux.fr\/en\/back-to-creps-inaugurations\/#primaryimage"},"image":{"@id":"https:\/\/www.creps-bordeaux.fr\/en\/back-to-creps-inaugurations\/#primaryimage"},"thumbnailUrl":"https:\/\/www.creps-bordeaux.fr\/wp-content\/uploads\/2023\/10\/5e379702-59b4-4084-98c8-3f8b7aacfadc.jpg","datePublished":"2023-10-24T15:42:08+00:00","dateModified":"2025-04-22T10:45:19+00:00","author":{"@id":"https:\/\/www.creps-bordeaux.fr\/en\/#\/schema\/person\/ebf9e6d4ba093960001ef87c9132ff83"},"breadcrumb":{"@id":"https:\/\/www.creps-bordeaux.fr\/en\/back-to-creps-inaugurations\/#breadcrumb"},"inLanguage":"en-US","potentialAction":[{"@type":"ReadAction","target":["https:\/\/www.creps-bordeaux.fr\/en\/back-to-creps-inaugurations\/"]}]},{"@type":"ImageObject","inLanguage":"en-US","@id":"https:\/\/www.creps-bordeaux.fr\/en\/back-to-creps-inaugurations\/#primaryimage","url":"https:\/\/www.creps-bordeaux.fr\/wp-content\/uploads\/2023\/10\/5e379702-59b4-4084-98c8-3f8b7aacfadc.jpg","contentUrl":"https:\/\/www.creps-bordeaux.fr\/wp-content\/uploads\/2023\/10\/5e379702-59b4-4084-98c8-3f8b7aacfadc.jpg","width":810,"height":816},{"@type":"BreadcrumbList","@id":"https:\/\/www.creps-bordeaux.fr\/en\/back-to-creps-inaugurations\/#breadcrumb","itemListElement":[{"@type":"ListItem","position":1,"name":"Accueil","item":"https:\/\/www.creps-bordeaux.fr\/en\/"},{"@type":"ListItem","position":2,"name":"BACK TO CREPS INAUGURATIONS"}]},{"@type":"WebSite","@id":"https:\/\/www.creps-bordeaux.fr\/en\/#website","url":"https:\/\/www.creps-bordeaux.fr\/en\/","name":"CREPS Bordeaux","description":"CREPS in Bordeaux: working alongside you at the heart of the region ","potentialAction":[{"@type":"SearchAction","target":{"@type":"EntryPoint","urlTemplate":"https:\/\/www.creps-bordeaux.fr\/en\/?s={search_term_string}"},"query-input":{"@type":"PropertyValueSpecification","valueRequired":true,"valueName":"search_term_string"}}],"inLanguage":"en-US"},{"@type":"Person","@id":"https:\/\/www.creps-bordeaux.fr\/en\/#\/schema\/person\/ebf9e6d4ba093960001ef87c9132ff83","name":"ebyedov","image":{"@type":"ImageObject","inLanguage":"en-US","@id":"https:\/\/secure.gravatar.com\/avatar\/826b528e930e8f32b191e2bd813eaa8237c1147d18bc4972af1072fb990ec03e?s=96&d=mm&r=g","url":"https:\/\/secure.gravatar.com\/avatar\/826b528e930e8f32b191e2bd813eaa8237c1147d18bc4972af1072fb990ec03e?s=96&d=mm&r=g","contentUrl":"https:\/\/secure.gravatar.com\/avatar\/826b528e930e8f32b191e2bd813eaa8237c1147d18bc4972af1072fb990ec03e?s=96&d=mm&r=g","caption":"ebyedov"},"url":"https:\/\/www.creps-bordeaux.fr\/en\/author\/ebyedov\/"}]}},"_links":{"self":[{"href":"https:\/\/www.creps-bordeaux.fr\/en\/wp-json\/wp\/v2\/posts\/16430","targetHints":{"allow":["GET"]}}],"collection":[{"href":"https:\/\/www.creps-bordeaux.fr\/en\/wp-json\/wp\/v2\/posts"}],"about":[{"href":"https:\/\/www.creps-bordeaux.fr\/en\/wp-json\/wp\/v2\/types\/post"}],"author":[{"embeddable":true,"href":"https:\/\/www.creps-bordeaux.fr\/en\/wp-json\/wp\/v2\/users\/3"}],"replies":[{"embeddable":true,"href":"https:\/\/www.creps-bordeaux.fr\/en\/wp-json\/wp\/v2\/comments?post=16430"}],"version-history":[{"count":3,"href":"https:\/\/www.creps-bordeaux.fr\/en\/wp-json\/wp\/v2\/posts\/16430\/revisions"}],"predecessor-version":[{"id":16438,"href":"https:\/\/www.creps-bordeaux.fr\/en\/wp-json\/wp\/v2\/posts\/16430\/revisions\/16438"}],"wp:featuredmedia":[{"embeddable":true,"href":"https:\/\/www.creps-bordeaux.fr\/en\/wp-json\/wp\/v2\/media\/15272"}],"wp:attachment":[{"href":"https:\/\/www.creps-bordeaux.fr\/en\/wp-json\/wp\/v2\/media?parent=16430"}],"wp:term":[{"taxonomy":"category","embeddable":true,"href":"https:\/\/www.creps-bordeaux.fr\/en\/wp-json\/wp\/v2\/categories?post=16430"},{"taxonomy":"post_tag","embeddable":true,"href":"https:\/\/www.creps-bordeaux.fr\/en\/wp-json\/wp\/v2\/tags?post=16430"}],"curies":[{"name":"wp","href":"https:\/\/api.w.org\/{rel}","templated":true}]}}