{"id":16282,"date":"2024-09-04T11:55:12","date_gmt":"2024-09-04T09:55:12","guid":{"rendered":"https:\/\/www.creps-bordeaux.fr\/paris-2024-paralympics-lucas-in-gold-and-bronze\/"},"modified":"2025-04-22T12:13:57","modified_gmt":"2025-04-22T10:13:57","slug":"paris-2024-paralympics-lucas-in-gold-and-bronze","status":"publish","type":"post","link":"https:\/\/www.creps-bordeaux.fr\/en\/paris-2024-paralympics-lucas-in-gold-and-bronze\/","title":{"rendered":"PARIS 2024 PARALYMPICS &#8211; LUCAS IN GOLD AND BRONZE"},"content":{"rendered":"<p>[et_pb_section fb_built=&#8221;1&#8243; _builder_version=&#8221;4.16&#8243; _module_preset=&#8221;default&#8221; min_height=&#8221;763.7px&#8221; custom_margin=&#8221;||-53px|||&#8221; custom_padding=&#8221;||70px|||&#8221; global_colors_info=&#8221;{}&#8221;][et_pb_row _builder_version=&#8221;4.16&#8243; _module_preset=&#8221;default&#8221; width=&#8221;71.6%&#8221; width_tablet=&#8221;70%&#8221; width_phone=&#8221;80%&#8221; width_last_edited=&#8221;on|phone&#8221; global_colors_info=&#8221;{}&#8221;][et_pb_column type=&#8221;4_4&#8243; _builder_version=&#8221;4.16&#8243; _module_preset=&#8221;default&#8221; global_colors_info=&#8221;{}&#8221;][et_pb_text _builder_version=&#8221;4.24.0&#8243; _module_preset=&#8221;default&#8221; text_font=&#8221;Marianne Bold||||||||&#8221; text_text_color=&#8221;#000000&#8243; text_font_size=&#8221;25px&#8221; header_text_color=&#8221;#005C71&#8243; header_font_size=&#8221;40px&#8221; module_alignment=&#8221;left&#8221; global_colors_info=&#8221;{}&#8221;]<\/p>\n<h1>JP PARIS 2024: LUCAS MAZUR TAKES GOLD AND BRONZE!<\/h1>\n<p>[\/et_pb_text][et_pb_image src=&#8221;https:\/\/www.creps-bordeaux.fr\/wp-content\/uploads\/2025\/04\/53974459667_264ac658e8_o-scaled.jpg&#8221; title_text=&#8221;53974459667_264ac658e8_o&#8221; _builder_version=&#8221;4.27.4&#8243; _module_preset=&#8221;default&#8221; transform_scale=&#8221;44%|44%&#8221; transform_translate=&#8221;76px|76px&#8221; transform_origin=&#8221;50%|42%&#8221; min_height=&#8221;1393px&#8221; custom_margin=&#8221;-397px|||-48px|false|false&#8221; locked=&#8221;off&#8221; global_colors_info=&#8221;{}&#8221;][\/et_pb_image][\/et_pb_column][\/et_pb_row][et_pb_row _builder_version=&#8221;4.20.2&#8243; _module_preset=&#8221;default&#8221; custom_margin=&#8221;|auto|-30px|auto||&#8221; global_colors_info=&#8221;{}&#8221;][et_pb_column type=&#8221;4_4&#8243; _builder_version=&#8221;4.20.2&#8243; _module_preset=&#8221;default&#8221; global_colors_info=&#8221;{}&#8221;][et_pb_text _builder_version=&#8221;4.27.4&#8243; _module_preset=&#8221;default&#8221; custom_margin=&#8221;-447px||||false|false&#8221; custom_padding=&#8221;||0px|||&#8221; inline_fonts=&#8221;marianne regular&#8221; global_colors_info=&#8221;{}&#8221;]<\/p>\n<p><span class=\"break-words\" style=\"font-family: marianne regular; font-size: medium; color: #020202;\"><span dir=\"ltr\"><span class=\"x193iq5w xeuugli x13faqbe x1vvkbs x1xmvt09 x1lliihq x1s928wv xhkezso x1gmr53x x1cpjm7i x1fgarty x1943h6x xudqn12 x3x7a5m x6prxxf xvq8zen xo1l8bm xzsf02u x1yc453h\" dir=\"auto\"><span>Second Paralympic title for Lucas Mazur, gold medallist in individual para-badminton. With Faustine No\u00ebl, he wins bronze in doubles. <\/span><\/span><\/span><\/span><\/p>\n<p>[\/et_pb_text][\/et_pb_column][\/et_pb_row][et_pb_row _builder_version=&#8221;4.20.2&#8243; _module_preset=&#8221;default&#8221; custom_padding=&#8221;11px||11px|||&#8221; global_colors_info=&#8221;{}&#8221;][et_pb_column type=&#8221;4_4&#8243; _builder_version=&#8221;4.20.2&#8243; _module_preset=&#8221;default&#8221; global_colors_info=&#8221;{}&#8221;][et_pb_text _builder_version=&#8221;4.27.4&#8243; _module_preset=&#8221;default&#8221; custom_margin=&#8221;-393px||||false|false&#8221; custom_padding=&#8221;||0px|||&#8221; hover_enabled=&#8221;0&#8243; inline_fonts=&#8221;marianne regular&#8221; global_colors_info=&#8221;{}&#8221; sticky_enabled=&#8221;0&#8243;]<\/p>\n<p><span class=\"break-words\" style=\"font-family: marianne regular; font-size: medium; color: #020202;\"><span dir=\"ltr\"><span class=\"x193iq5w xeuugli x13faqbe x1vvkbs x1xmvt09 x1lliihq x1s928wv xhkezso x1gmr53x x1cpjm7i x1fgarty x1943h6x xudqn12 x3x7a5m x6prxxf xvq8zen xo1l8bm xzsf02u x1yc453h\" dir=\"auto\"><span>A historic podium finish for the Paris Paralympic Games!  <\/span><\/span><\/span><\/span><\/p>\n<p><span class=\"break-words\" style=\"font-family: marianne regular; font-size: medium; color: #020202;\"><span dir=\"ltr\"><span class=\"x193iq5w xeuugli x13faqbe x1vvkbs x1xmvt09 x1lliihq x1s928wv xhkezso x1gmr53x x1cpjm7i x1fgarty x1943h6x xudqn12 x3x7a5m x6prxxf xvq8zen xo1l8bm xzsf02u x1yc453h\" dir=\"auto\"><span>On Monday 2nd September, Lucas Mazur won the gold medal to retain his Paralympic title.  <\/span><\/span><\/span><\/span><span class=\"break-words\" style=\"font-family: marianne regular; font-size: medium; color: #020202;\"><span dir=\"ltr\"><span class=\"x193iq5w xeuugli x13faqbe x1vvkbs x1xmvt09 x1lliihq x1s928wv xhkezso x1gmr53x x1cpjm7i x1fgarty x1943h6x xudqn12 x3x7a5m x6prxxf xvq8zen xo1l8bm xzsf02u x1yc453h\" dir=\"auto\"><span>of badminton in the SL4 category, sweeping aside his Indian opponent Suhas Lalinakere Yathiraj. The latter was number   <\/span><\/span><\/span><\/span><span class=\"break-words\" style=\"font-family: marianne regular; font-size: medium; color: #020202;\"><span dir=\"ltr\"><span class=\"x193iq5w xeuugli x13faqbe x1vvkbs x1xmvt09 x1lliihq x1s928wv xhkezso x1gmr53x x1cpjm7i x1fgarty x1943h6x xudqn12 x3x7a5m x6prxxf xvq8zen xo1l8bm xzsf02u x1yc453h\" dir=\"auto\"><span>a world leader.  <\/span><\/span><\/span><\/span><\/p>\n<p><span class=\"break-words\" style=\"font-family: marianne regular; font-size: medium; color: #020202;\"><span dir=\"ltr\"><span class=\"x193iq5w xeuugli x13faqbe x1vvkbs x1xmvt09 x1lliihq x1s928wv xhkezso x1gmr53x x1cpjm7i x1fgarty x1943h6x xudqn12 x3x7a5m x6prxxf xvq8zen xo1l8bm xzsf02u x1yc453h\" dir=\"auto\"><span>The match was settled in two sets (21-9, 21-13)!<\/span><\/span><\/span><\/span><\/p>\n<p><span class=\"break-words\" style=\"font-family: marianne regular; font-size: medium; color: #020202;\"><span dir=\"ltr\"><span class=\"x193iq5w xeuugli x13faqbe x1vvkbs x1xmvt09 x1lliihq x1s928wv xhkezso x1gmr53x x1cpjm7i x1fgarty x1943h6x xudqn12 x3x7a5m x6prxxf xvq8zen xo1l8bm xzsf02u x1yc453h\" dir=\"auto\"><span>The SL4 category is reserved for standing athletes with a disability affecting a lower limb, but who can still run. Lucas Mazur&#8217;s right ankle has been affected since a stroke at the age of three.   <\/span><\/span><\/span><\/span><\/p>\n<p><span class=\"break-words\" style=\"font-family: marianne regular; font-size: medium; color: #020202;\"><span dir=\"ltr\"><span class=\"x193iq5w xeuugli x13faqbe x1vvkbs x1xmvt09 x1lliihq x1s928wv xhkezso x1gmr53x x1cpjm7i x1fgarty x1943h6x xudqn12 x3x7a5m x6prxxf xvq8zen xo1l8bm xzsf02u x1yc453h\" dir=\"auto\"><span>With this victory, he gives the French delegation their tenth gold medal since the start of the Games, just a few hours after winning bronze in the doubles with Faustine No\u00ebl.<\/span><\/span><\/span><\/span><\/p>\n<p><span class=\"break-words\" style=\"font-family: marianne regular; font-size: medium; color: #020202;\"><span dir=\"ltr\"><span class=\"x193iq5w xeuugli x13faqbe x1vvkbs x1xmvt09 x1lliihq x1s928wv xhkezso x1gmr53x x1cpjm7i x1fgarty x1943h6x xudqn12 x3x7a5m x6prxxf xvq8zen xo1l8bm xzsf02u x1yc453h\" dir=\"auto\"><span>Lucas has been training at the CREPS in Bordeaux since 2021.<\/span><\/span><\/span><\/span><\/p>\n<p style=\"text-align: right;\"><span class=\"break-words\" style=\"font-family: marianne regular; font-weight: normal; font-size: medium; color: #020202;\"><span dir=\"ltr\"><\/span><\/span><span style=\"color: #0a0a0a;\">Credit: F\u00e9d\u00e9ration Fran\u00e7aise de Badminton<\/span> <\/p>\n<p>[\/et_pb_text][\/et_pb_column][\/et_pb_row][\/et_pb_section]<\/p>\n","protected":false},"excerpt":{"rendered":"<p>JP PARIS 2024: LUCAS MAZUR TAKES GOLD AND BRONZE!Second Paralympic title for Lucas Mazur, gold medallist in individual para-badminton. With Faustine No\u00ebl, he wins bronze in doubles. A historic podium finish for the Paris Paralympic Games! On Monday 2nd September, Lucas Mazur won the gold medal to retain his Paralympic title. of badminton in the [&hellip;]<\/p>\n","protected":false},"author":3,"featured_media":15945,"comment_status":"closed","ping_status":"open","sticky":false,"template":"","format":"standard","meta":{"_et_pb_use_builder":"on","_et_pb_old_content":"","_et_gb_content_width":"","inline_featured_image":false,"footnotes":""},"categories":[88,87],"tags":[],"class_list":["post-16282","post","type-post","status-publish","format-standard","has-post-thumbnail","hentry","category-game-news","category-the-creps"],"yoast_head":"<!-- This site is optimized with the Yoast SEO plugin v27.5 - https:\/\/yoast.com\/product\/yoast-seo-wordpress\/ -->\n<title>PARIS 2024 PARALYMPICS - LUCAS IN GOLD AND BRONZE - CREPS Bordeaux<\/title>\n<meta name=\"robots\" content=\"index, follow, max-snippet:-1, max-image-preview:large, max-video-preview:-1\" \/>\n<link rel=\"canonical\" href=\"https:\/\/www.creps-bordeaux.fr\/en\/paris-2024-paralympics-lucas-in-gold-and-bronze\/\" \/>\n<meta property=\"og:locale\" content=\"en_US\" \/>\n<meta property=\"og:type\" content=\"article\" \/>\n<meta property=\"og:title\" content=\"PARIS 2024 PARALYMPICS - LUCAS IN GOLD AND BRONZE - CREPS Bordeaux\" \/>\n<meta property=\"og:description\" content=\"JP PARIS 2024: LUCAS MAZUR TAKES GOLD AND BRONZE!Second Paralympic title for Lucas Mazur, gold medallist in individual para-badminton. With Faustine No\u00ebl, he wins bronze in doubles. A historic podium finish for the Paris Paralympic Games! On Monday 2nd September, Lucas Mazur won the gold medal to retain his Paralympic title. of badminton in the [&hellip;]\" \/>\n<meta property=\"og:url\" content=\"https:\/\/www.creps-bordeaux.fr\/en\/paris-2024-paralympics-lucas-in-gold-and-bronze\/\" \/>\n<meta property=\"og:site_name\" content=\"CREPS Bordeaux\" \/>\n<meta property=\"article:published_time\" content=\"2024-09-04T09:55:12+00:00\" \/>\n<meta property=\"article:modified_time\" content=\"2025-04-22T10:13:57+00:00\" \/>\n<meta property=\"og:image\" content=\"https:\/\/www.creps-bordeaux.fr\/wp-content\/uploads\/2025\/04\/53974459602_da54b083f1_o-2-scaled.jpg\" \/>\n\t<meta property=\"og:image:width\" content=\"1707\" \/>\n\t<meta property=\"og:image:height\" content=\"2560\" \/>\n\t<meta property=\"og:image:type\" content=\"image\/jpeg\" \/>\n<meta name=\"author\" content=\"ebyedov\" \/>\n<meta name=\"twitter:card\" content=\"summary_large_image\" \/>\n<meta name=\"twitter:label1\" content=\"Written by\" \/>\n\t<meta name=\"twitter:data1\" content=\"ebyedov\" \/>\n\t<meta name=\"twitter:label2\" content=\"Est. reading time\" \/>\n\t<meta name=\"twitter:data2\" content=\"2 minutes\" \/>\n<script type=\"application\/ld+json\" class=\"yoast-schema-graph\">{\"@context\":\"https:\\\/\\\/schema.org\",\"@graph\":[{\"@type\":\"Article\",\"@id\":\"https:\\\/\\\/www.creps-bordeaux.fr\\\/en\\\/paris-2024-paralympics-lucas-in-gold-and-bronze\\\/#article\",\"isPartOf\":{\"@id\":\"https:\\\/\\\/www.creps-bordeaux.fr\\\/en\\\/paris-2024-paralympics-lucas-in-gold-and-bronze\\\/\"},\"author\":{\"name\":\"ebyedov\",\"@id\":\"https:\\\/\\\/www.creps-bordeaux.fr\\\/en\\\/#\\\/schema\\\/person\\\/ebf9e6d4ba093960001ef87c9132ff83\"},\"headline\":\"PARIS 2024 PARALYMPICS &#8211; LUCAS IN GOLD AND BRONZE\",\"datePublished\":\"2024-09-04T09:55:12+00:00\",\"dateModified\":\"2025-04-22T10:13:57+00:00\",\"mainEntityOfPage\":{\"@id\":\"https:\\\/\\\/www.creps-bordeaux.fr\\\/en\\\/paris-2024-paralympics-lucas-in-gold-and-bronze\\\/\"},\"wordCount\":454,\"image\":{\"@id\":\"https:\\\/\\\/www.creps-bordeaux.fr\\\/en\\\/paris-2024-paralympics-lucas-in-gold-and-bronze\\\/#primaryimage\"},\"thumbnailUrl\":\"https:\\\/\\\/www.creps-bordeaux.fr\\\/wp-content\\\/uploads\\\/2025\\\/04\\\/53974459602_da54b083f1_o-2-scaled.jpg\",\"articleSection\":[\"GAME NEWS\",\"The CREPS\"],\"inLanguage\":\"en-US\"},{\"@type\":\"WebPage\",\"@id\":\"https:\\\/\\\/www.creps-bordeaux.fr\\\/en\\\/paris-2024-paralympics-lucas-in-gold-and-bronze\\\/\",\"url\":\"https:\\\/\\\/www.creps-bordeaux.fr\\\/en\\\/paris-2024-paralympics-lucas-in-gold-and-bronze\\\/\",\"name\":\"PARIS 2024 PARALYMPICS - LUCAS IN GOLD AND BRONZE - CREPS Bordeaux\",\"isPartOf\":{\"@id\":\"https:\\\/\\\/www.creps-bordeaux.fr\\\/en\\\/#website\"},\"primaryImageOfPage\":{\"@id\":\"https:\\\/\\\/www.creps-bordeaux.fr\\\/en\\\/paris-2024-paralympics-lucas-in-gold-and-bronze\\\/#primaryimage\"},\"image\":{\"@id\":\"https:\\\/\\\/www.creps-bordeaux.fr\\\/en\\\/paris-2024-paralympics-lucas-in-gold-and-bronze\\\/#primaryimage\"},\"thumbnailUrl\":\"https:\\\/\\\/www.creps-bordeaux.fr\\\/wp-content\\\/uploads\\\/2025\\\/04\\\/53974459602_da54b083f1_o-2-scaled.jpg\",\"datePublished\":\"2024-09-04T09:55:12+00:00\",\"dateModified\":\"2025-04-22T10:13:57+00:00\",\"author\":{\"@id\":\"https:\\\/\\\/www.creps-bordeaux.fr\\\/en\\\/#\\\/schema\\\/person\\\/ebf9e6d4ba093960001ef87c9132ff83\"},\"breadcrumb\":{\"@id\":\"https:\\\/\\\/www.creps-bordeaux.fr\\\/en\\\/paris-2024-paralympics-lucas-in-gold-and-bronze\\\/#breadcrumb\"},\"inLanguage\":\"en-US\",\"potentialAction\":[{\"@type\":\"ReadAction\",\"target\":[\"https:\\\/\\\/www.creps-bordeaux.fr\\\/en\\\/paris-2024-paralympics-lucas-in-gold-and-bronze\\\/\"]}]},{\"@type\":\"ImageObject\",\"inLanguage\":\"en-US\",\"@id\":\"https:\\\/\\\/www.creps-bordeaux.fr\\\/en\\\/paris-2024-paralympics-lucas-in-gold-and-bronze\\\/#primaryimage\",\"url\":\"https:\\\/\\\/www.creps-bordeaux.fr\\\/wp-content\\\/uploads\\\/2025\\\/04\\\/53974459602_da54b083f1_o-2-scaled.jpg\",\"contentUrl\":\"https:\\\/\\\/www.creps-bordeaux.fr\\\/wp-content\\\/uploads\\\/2025\\\/04\\\/53974459602_da54b083f1_o-2-scaled.jpg\",\"width\":1707,\"height\":2560},{\"@type\":\"BreadcrumbList\",\"@id\":\"https:\\\/\\\/www.creps-bordeaux.fr\\\/en\\\/paris-2024-paralympics-lucas-in-gold-and-bronze\\\/#breadcrumb\",\"itemListElement\":[{\"@type\":\"ListItem\",\"position\":1,\"name\":\"Accueil\",\"item\":\"https:\\\/\\\/www.creps-bordeaux.fr\\\/en\\\/\"},{\"@type\":\"ListItem\",\"position\":2,\"name\":\"PARIS 2024 PARALYMPICS &#8211; LUCAS IN GOLD AND BRONZE\"}]},{\"@type\":\"WebSite\",\"@id\":\"https:\\\/\\\/www.creps-bordeaux.fr\\\/en\\\/#website\",\"url\":\"https:\\\/\\\/www.creps-bordeaux.fr\\\/en\\\/\",\"name\":\"CREPS Bordeaux\",\"description\":\"CREPS in Bordeaux: working alongside you at the heart of the region \",\"potentialAction\":[{\"@type\":\"SearchAction\",\"target\":{\"@type\":\"EntryPoint\",\"urlTemplate\":\"https:\\\/\\\/www.creps-bordeaux.fr\\\/en\\\/?s={search_term_string}\"},\"query-input\":{\"@type\":\"PropertyValueSpecification\",\"valueRequired\":true,\"valueName\":\"search_term_string\"}}],\"inLanguage\":\"en-US\"},{\"@type\":\"Person\",\"@id\":\"https:\\\/\\\/www.creps-bordeaux.fr\\\/en\\\/#\\\/schema\\\/person\\\/ebf9e6d4ba093960001ef87c9132ff83\",\"name\":\"ebyedov\",\"image\":{\"@type\":\"ImageObject\",\"inLanguage\":\"en-US\",\"@id\":\"https:\\\/\\\/secure.gravatar.com\\\/avatar\\\/826b528e930e8f32b191e2bd813eaa8237c1147d18bc4972af1072fb990ec03e?s=96&d=mm&r=g\",\"url\":\"https:\\\/\\\/secure.gravatar.com\\\/avatar\\\/826b528e930e8f32b191e2bd813eaa8237c1147d18bc4972af1072fb990ec03e?s=96&d=mm&r=g\",\"contentUrl\":\"https:\\\/\\\/secure.gravatar.com\\\/avatar\\\/826b528e930e8f32b191e2bd813eaa8237c1147d18bc4972af1072fb990ec03e?s=96&d=mm&r=g\",\"caption\":\"ebyedov\"},\"url\":\"https:\\\/\\\/www.creps-bordeaux.fr\\\/en\\\/author\\\/ebyedov\\\/\"}]}<\/script>\n<!-- \/ Yoast SEO plugin. -->","yoast_head_json":{"title":"PARIS 2024 PARALYMPICS - LUCAS IN GOLD AND BRONZE - CREPS Bordeaux","robots":{"index":"index","follow":"follow","max-snippet":"max-snippet:-1","max-image-preview":"max-image-preview:large","max-video-preview":"max-video-preview:-1"},"canonical":"https:\/\/www.creps-bordeaux.fr\/en\/paris-2024-paralympics-lucas-in-gold-and-bronze\/","og_locale":"en_US","og_type":"article","og_title":"PARIS 2024 PARALYMPICS - LUCAS IN GOLD AND BRONZE - CREPS Bordeaux","og_description":"JP PARIS 2024: LUCAS MAZUR TAKES GOLD AND BRONZE!Second Paralympic title for Lucas Mazur, gold medallist in individual para-badminton. With Faustine No\u00ebl, he wins bronze in doubles. A historic podium finish for the Paris Paralympic Games! On Monday 2nd September, Lucas Mazur won the gold medal to retain his Paralympic title. of badminton in the [&hellip;]","og_url":"https:\/\/www.creps-bordeaux.fr\/en\/paris-2024-paralympics-lucas-in-gold-and-bronze\/","og_site_name":"CREPS Bordeaux","article_published_time":"2024-09-04T09:55:12+00:00","article_modified_time":"2025-04-22T10:13:57+00:00","og_image":[{"width":1707,"height":2560,"url":"https:\/\/www.creps-bordeaux.fr\/wp-content\/uploads\/2025\/04\/53974459602_da54b083f1_o-2-scaled.jpg","type":"image\/jpeg"}],"author":"ebyedov","twitter_card":"summary_large_image","twitter_misc":{"Written by":"ebyedov","Est. reading time":"2 minutes"},"schema":{"@context":"https:\/\/schema.org","@graph":[{"@type":"Article","@id":"https:\/\/www.creps-bordeaux.fr\/en\/paris-2024-paralympics-lucas-in-gold-and-bronze\/#article","isPartOf":{"@id":"https:\/\/www.creps-bordeaux.fr\/en\/paris-2024-paralympics-lucas-in-gold-and-bronze\/"},"author":{"name":"ebyedov","@id":"https:\/\/www.creps-bordeaux.fr\/en\/#\/schema\/person\/ebf9e6d4ba093960001ef87c9132ff83"},"headline":"PARIS 2024 PARALYMPICS &#8211; LUCAS IN GOLD AND BRONZE","datePublished":"2024-09-04T09:55:12+00:00","dateModified":"2025-04-22T10:13:57+00:00","mainEntityOfPage":{"@id":"https:\/\/www.creps-bordeaux.fr\/en\/paris-2024-paralympics-lucas-in-gold-and-bronze\/"},"wordCount":454,"image":{"@id":"https:\/\/www.creps-bordeaux.fr\/en\/paris-2024-paralympics-lucas-in-gold-and-bronze\/#primaryimage"},"thumbnailUrl":"https:\/\/www.creps-bordeaux.fr\/wp-content\/uploads\/2025\/04\/53974459602_da54b083f1_o-2-scaled.jpg","articleSection":["GAME NEWS","The CREPS"],"inLanguage":"en-US"},{"@type":"WebPage","@id":"https:\/\/www.creps-bordeaux.fr\/en\/paris-2024-paralympics-lucas-in-gold-and-bronze\/","url":"https:\/\/www.creps-bordeaux.fr\/en\/paris-2024-paralympics-lucas-in-gold-and-bronze\/","name":"PARIS 2024 PARALYMPICS - LUCAS IN GOLD AND BRONZE - CREPS Bordeaux","isPartOf":{"@id":"https:\/\/www.creps-bordeaux.fr\/en\/#website"},"primaryImageOfPage":{"@id":"https:\/\/www.creps-bordeaux.fr\/en\/paris-2024-paralympics-lucas-in-gold-and-bronze\/#primaryimage"},"image":{"@id":"https:\/\/www.creps-bordeaux.fr\/en\/paris-2024-paralympics-lucas-in-gold-and-bronze\/#primaryimage"},"thumbnailUrl":"https:\/\/www.creps-bordeaux.fr\/wp-content\/uploads\/2025\/04\/53974459602_da54b083f1_o-2-scaled.jpg","datePublished":"2024-09-04T09:55:12+00:00","dateModified":"2025-04-22T10:13:57+00:00","author":{"@id":"https:\/\/www.creps-bordeaux.fr\/en\/#\/schema\/person\/ebf9e6d4ba093960001ef87c9132ff83"},"breadcrumb":{"@id":"https:\/\/www.creps-bordeaux.fr\/en\/paris-2024-paralympics-lucas-in-gold-and-bronze\/#breadcrumb"},"inLanguage":"en-US","potentialAction":[{"@type":"ReadAction","target":["https:\/\/www.creps-bordeaux.fr\/en\/paris-2024-paralympics-lucas-in-gold-and-bronze\/"]}]},{"@type":"ImageObject","inLanguage":"en-US","@id":"https:\/\/www.creps-bordeaux.fr\/en\/paris-2024-paralympics-lucas-in-gold-and-bronze\/#primaryimage","url":"https:\/\/www.creps-bordeaux.fr\/wp-content\/uploads\/2025\/04\/53974459602_da54b083f1_o-2-scaled.jpg","contentUrl":"https:\/\/www.creps-bordeaux.fr\/wp-content\/uploads\/2025\/04\/53974459602_da54b083f1_o-2-scaled.jpg","width":1707,"height":2560},{"@type":"BreadcrumbList","@id":"https:\/\/www.creps-bordeaux.fr\/en\/paris-2024-paralympics-lucas-in-gold-and-bronze\/#breadcrumb","itemListElement":[{"@type":"ListItem","position":1,"name":"Accueil","item":"https:\/\/www.creps-bordeaux.fr\/en\/"},{"@type":"ListItem","position":2,"name":"PARIS 2024 PARALYMPICS &#8211; LUCAS IN GOLD AND BRONZE"}]},{"@type":"WebSite","@id":"https:\/\/www.creps-bordeaux.fr\/en\/#website","url":"https:\/\/www.creps-bordeaux.fr\/en\/","name":"CREPS Bordeaux","description":"CREPS in Bordeaux: working alongside you at the heart of the region ","potentialAction":[{"@type":"SearchAction","target":{"@type":"EntryPoint","urlTemplate":"https:\/\/www.creps-bordeaux.fr\/en\/?s={search_term_string}"},"query-input":{"@type":"PropertyValueSpecification","valueRequired":true,"valueName":"search_term_string"}}],"inLanguage":"en-US"},{"@type":"Person","@id":"https:\/\/www.creps-bordeaux.fr\/en\/#\/schema\/person\/ebf9e6d4ba093960001ef87c9132ff83","name":"ebyedov","image":{"@type":"ImageObject","inLanguage":"en-US","@id":"https:\/\/secure.gravatar.com\/avatar\/826b528e930e8f32b191e2bd813eaa8237c1147d18bc4972af1072fb990ec03e?s=96&d=mm&r=g","url":"https:\/\/secure.gravatar.com\/avatar\/826b528e930e8f32b191e2bd813eaa8237c1147d18bc4972af1072fb990ec03e?s=96&d=mm&r=g","contentUrl":"https:\/\/secure.gravatar.com\/avatar\/826b528e930e8f32b191e2bd813eaa8237c1147d18bc4972af1072fb990ec03e?s=96&d=mm&r=g","caption":"ebyedov"},"url":"https:\/\/www.creps-bordeaux.fr\/en\/author\/ebyedov\/"}]}},"_links":{"self":[{"href":"https:\/\/www.creps-bordeaux.fr\/en\/wp-json\/wp\/v2\/posts\/16282","targetHints":{"allow":["GET"]}}],"collection":[{"href":"https:\/\/www.creps-bordeaux.fr\/en\/wp-json\/wp\/v2\/posts"}],"about":[{"href":"https:\/\/www.creps-bordeaux.fr\/en\/wp-json\/wp\/v2\/types\/post"}],"author":[{"embeddable":true,"href":"https:\/\/www.creps-bordeaux.fr\/en\/wp-json\/wp\/v2\/users\/3"}],"replies":[{"embeddable":true,"href":"https:\/\/www.creps-bordeaux.fr\/en\/wp-json\/wp\/v2\/comments?post=16282"}],"version-history":[{"count":2,"href":"https:\/\/www.creps-bordeaux.fr\/en\/wp-json\/wp\/v2\/posts\/16282\/revisions"}],"predecessor-version":[{"id":16284,"href":"https:\/\/www.creps-bordeaux.fr\/en\/wp-json\/wp\/v2\/posts\/16282\/revisions\/16284"}],"wp:featuredmedia":[{"embeddable":true,"href":"https:\/\/www.creps-bordeaux.fr\/en\/wp-json\/wp\/v2\/media\/15945"}],"wp:attachment":[{"href":"https:\/\/www.creps-bordeaux.fr\/en\/wp-json\/wp\/v2\/media?parent=16282"}],"wp:term":[{"taxonomy":"category","embeddable":true,"href":"https:\/\/www.creps-bordeaux.fr\/en\/wp-json\/wp\/v2\/categories?post=16282"},{"taxonomy":"post_tag","embeddable":true,"href":"https:\/\/www.creps-bordeaux.fr\/en\/wp-json\/wp\/v2\/tags?post=16282"}],"curies":[{"name":"wp","href":"https:\/\/api.w.org\/{rel}","templated":true}]}}